{"id":2396,"date":"2025-11-30T17:44:45","date_gmt":"2025-11-30T15:44:45","guid":{"rendered":"https:\/\/www.phonographie.org\/?p=2396"},"modified":"2025-11-30T17:47:18","modified_gmt":"2025-11-30T15:47:18","slug":"07-12-2025-modularium-06","status":"publish","type":"post","link":"https:\/\/www.phonographie.org\/?p=2396","title":{"rendered":"<span class=\"raindrops_unique_identifier\">[Article 2396]<\/span>07.12.2025: Modularium 06"},"content":{"rendered":"\n\n\n<p>Liebe Freundinnen und Freunde von Phonophon,<br \/><br \/>zum letzten Mal in diesem Jahr erklingt der Hochbunker im Osthafen wieder im Sound der Modularen. Am Sonntagnachmittag, 07.12.2025, erwarten euch ab 15 Uhr interessante Gespr\u00e4che und Hands-on-Erfahrungen rund um modulare Synthesizer. Alle, die Lust haben, laden wir ein, eine kurze <b>Solo-Performance<\/b>\u00a0vorzubereiten. Das Thema daf\u00fcr hei\u00dft diesmal: <b>Texturen<\/b>.<\/p>\n<p>Au\u00dferdem m\u00f6chten wir euch bitten, <b>Kopfh\u00f6rer mitzubringen<\/b>, damit ihr beim gemeinsamen Gespr\u00e4ch mit euren Synthesizern experimentieren k\u00f6nnt, ohne \u00fcber die PA den ganzen Raum zu beschallen. Nachdem es bei den letzten Treffen teilweise sehr laut war, wollen wir ausprobieren, ob wir mit Kopfh\u00f6rern die Kakophonie ein bisschen begrenzen k\u00f6nnen.<\/p>\n<p>Aber keine Bange: Wild und leidenschaftlich wird es trotzdem, wenn wir einen ganzen Nachmittag lang Zeit f\u00fcr Gespr\u00e4che \u00fcber Musik und Module, gemeinsame Jams und Solo-Kurzperformances haben. Bringt euer Modularsystem mit und lasst uns Musik machen! Alle, die nicht selbst spielen wollen, sind herzlich eingeladen, die Musik zu genie\u00dfen und neue Entdeckungen zu machen.<br \/><br \/>Wir haben k\u00fchle Getr\u00e4nke vor Ort und freuen uns auf euer Kommen!<br \/><br \/>Timetable:<br \/><strong>14:30 Uhr<\/strong>: Aufbau f\u00fcr MusikerInnen<br \/><strong>15:00 Uhr<\/strong>: Start<br \/><strong>19:00 Uhr<\/strong>: ca. Ende<br \/><br \/><strong>07.12.2025<\/strong> Phonophon @ \u00a0Hessenfilm, Schmickstra\u00dfe 18, 60314 Frankfurt<br \/>Eintritt: <strong class=\"moz-txt-star\">Frei<\/strong><br \/><br \/><br \/><strong>Veranstaltungsort<\/strong><br \/>Der Eingang zum Dach des Hochbunkers im Osthafen befindet sich auf der rechten Seite des Bunkers gleich neben der Gastst\u00e4tte &#8222;Zur Insel&#8220;. Durch die offene T\u00fcr und das Treppenhaus gelangt ihr auf das Dach des Bunkers. Dort folgt ihr der Au\u00dfentreppe in den zweiten Stock, wo sich unser Veranstaltungsort befindet.<br \/>\u00a0<br \/>Parkpl\u00e4tze f\u00fcr Autos gibt es vor und hinter dem Bunker. Achtung: Wer auf den Truckerpl\u00e4tzen parkt, riskiert ein Kn\u00f6llchen. Mit den \u00d6ffis geht&#8217;s am schnellsten mit der Tram-Linie 11 zur Haltestelle &#8222;Schwedlerstra\u00dfe&#8220; und dann zu Fu\u00df am Schwedler See vorbei direkt auf den Hochbunker im Osthafen zulaufen.<br \/><br \/><br \/><a href=\"https:\/\/www.phonographie.org\/wp-content\/uploads\/2025\/11\/Phonophon-Modularium-6-invite-card-003.png\"><img loading=\"lazy\" decoding=\"async\" class=\"alignnone  wp-image-2395\" src=\"https:\/\/www.phonographie.org\/wp-content\/uploads\/2025\/11\/Phonophon-Modularium-6-invite-card-003-819x1024.png\" alt=\"\" width=\"410\" height=\"513\" srcset=\"https:\/\/www.phonographie.org\/wp-content\/uploads\/2025\/11\/Phonophon-Modularium-6-invite-card-003-819x1024.png 819w, https:\/\/www.phonographie.org\/wp-content\/uploads\/2025\/11\/Phonophon-Modularium-6-invite-card-003-240x300.png 240w, https:\/\/www.phonographie.org\/wp-content\/uploads\/2025\/11\/Phonophon-Modularium-6-invite-card-003-768x960.png 768w, https:\/\/www.phonographie.org\/wp-content\/uploads\/2025\/11\/Phonophon-Modularium-6-invite-card-003-1228x1536.png 1228w, https:\/\/www.phonographie.org\/wp-content\/uploads\/2025\/11\/Phonophon-Modularium-6-invite-card-003-1638x2048.png 1638w, https:\/\/www.phonographie.org\/wp-content\/uploads\/2025\/11\/Phonophon-Modularium-6-invite-card-003.png 1845w\" sizes=\"auto, (max-width: 410px) 100vw, 410px\" \/><\/a><\/p>\n","protected":false},"excerpt":{"rendered":"<p>Liebe Freundinnen und Freunde von Phonophon, zum letzten Mal in diesem Jahr erklingt der Hochbunker im Osthafen wieder im Sound der Modularen. Am Sonntagnachmittag, 07.12.2025, erwarten euch ab 15 Uhr interessante Gespr\u00e4che und Hands-on-Erfahrungen rund um modulare Synthesizer. Alle, die Lust haben, laden wir ein, eine kurze Solo-Performance\u00a0vorzubereiten. Das Thema daf\u00fcr hei\u00dft diesmal: Texturen. Au\u00dferdem [&hellip;]<\/p>\n","protected":false},"author":2,"featured_media":0,"comment_status":"closed","ping_status":"closed","sticky":false,"template":"","format":"standard","meta":{"footnotes":""},"categories":[1,5],"tags":[],"class_list":["post-2396","post","type-post","status-publish","format-standard","hentry","category-allgemein","category-sonderveranstaltungen"],"_links":{"self":[{"href":"https:\/\/www.phonographie.org\/index.php?rest_route=\/wp\/v2\/posts\/2396","targetHints":{"allow":["GET"]}}],"collection":[{"href":"https:\/\/www.phonographie.org\/index.php?rest_route=\/wp\/v2\/posts"}],"about":[{"href":"https:\/\/www.phonographie.org\/index.php?rest_route=\/wp\/v2\/types\/post"}],"author":[{"embeddable":true,"href":"https:\/\/www.phonographie.org\/index.php?rest_route=\/wp\/v2\/users\/2"}],"replies":[{"embeddable":true,"href":"https:\/\/www.phonographie.org\/index.php?rest_route=%2Fwp%2Fv2%2Fcomments&post=2396"}],"version-history":[{"count":1,"href":"https:\/\/www.phonographie.org\/index.php?rest_route=\/wp\/v2\/posts\/2396\/revisions"}],"predecessor-version":[{"id":2397,"href":"https:\/\/www.phonographie.org\/index.php?rest_route=\/wp\/v2\/posts\/2396\/revisions\/2397"}],"wp:attachment":[{"href":"https:\/\/www.phonographie.org\/index.php?rest_route=%2Fwp%2Fv2%2Fmedia&parent=2396"}],"wp:term":[{"taxonomy":"category","embeddable":true,"href":"https:\/\/www.phonographie.org\/index.php?rest_route=%2Fwp%2Fv2%2Fcategories&post=2396"},{"taxonomy":"post_tag","embeddable":true,"href":"https:\/\/www.phonographie.org\/index.php?rest_route=%2Fwp%2Fv2%2Ftags&post=2396"}],"curies":[{"name":"wp","href":"https:\/\/api.w.org\/{rel}","templated":true}]}}