{"id":2386,"date":"2025-10-21T02:19:28","date_gmt":"2025-10-21T00:19:28","guid":{"rendered":"https:\/\/www.phonographie.org\/?p=2386"},"modified":"2025-10-21T02:26:52","modified_gmt":"2025-10-21T00:26:52","slug":"26-10-2025-modularium-05","status":"publish","type":"post","link":"https:\/\/www.phonographie.org\/?p=2386","title":{"rendered":"<span class=\"raindrops_unique_identifier\">[Article 2386]<\/span>26.10.2025: Modularium 05"},"content":{"rendered":"\n<p class=\"moz-quote-pre\"><strong>Modularium_05 am 26. Oktober 2025 ab 15 Uhr<\/strong><\/p>\n<p class=\"moz-quote-pre\">&#8212;&#8212;&#8212;&#8212;&#8212;&#8212;&#8212;&#8212;&#8212;&#8212;&#8212;&#8212;&#8212;&#8212;&#8212;&#8212;&#8212;&#8212;&#8212;&#8212;<\/p>\n<p class=\"moz-quote-pre\">Liebe Freundinnen und Freunde von Phonophon<\/p>\n<p class=\"moz-quote-pre\">der Hochbunker im Osthafen erklingt wieder im Sound der Modularen. Am Sonntagnachmittag, <strong>26.10.2025<\/strong>, erwarten euch ab <strong>15 Uhr<\/strong> interessante Gespr\u00e4che und Hands-on-Erfahrungen rund um modulare Synthesizer. Unter anderem wollen wir dabei \u00fcber das Thema Effekte im Modularsystem sprechen.<\/p>\n<p class=\"moz-quote-pre\">Einen Nachmittag lang haben wir Zeit f\u00fcr Gespr\u00e4che \u00fcber Musik und Module, Zeit f\u00fcr gemeinsame Jams und Solo-Kurzperformances. Bringt euer Modularsystem mit und lasst uns Musik machen! Alle, die nicht selbst spielen wollen, sind herzlich eingeladen, die Musik zu genie\u00dfen und neue Entdeckungen zu machen.<\/p>\n<p class=\"moz-quote-pre\">Wir haben k\u00fchle Getr\u00e4nke vor Ort und freuen uns auf euer Kommen!<\/p>\n<p class=\"moz-quote-pre\"><strong>Timetable<\/strong>: <br \/>14:30 Uhr: Aufbau f\u00fcr MusikerInnen<br \/>15:00 Uhr: Start<br \/>19:00 Uhr: ca. Ende<br \/><br \/><strong>26.10.2025<\/strong> <strong>Phonophon <\/strong>@ <strong>Hessenfilm<\/strong>, Schmickstra\u00dfe 18, 60314 Frankfurt<br \/>Eintritt:<strong> Frei<\/strong> <br \/><br \/><strong>Veranstaltungsort<\/strong>: Der Eingang zum Dach des Hochbunkers im Osthafen befindet sich auf der rechten Seite des Bunkers gleich neben der Gastst\u00e4tte &#8222;Zur Insel&#8220;. Durch die offene T\u00fcr und das Treppenhaus gelangt ihr auf das Dach des Bunkers. Dort folgt ihr der Au\u00dfentreppe in den zweiten Stock, wo sich unser Veranstaltungsort befindet.<br \/><br \/>Parkpl\u00e4tze f\u00fcr Autos gibt es vor und hinter dem Bunker. Achtung: Wer auf den Truckerpl\u00e4tzen parkt, riskiert ein Kn\u00f6llchen. Mit den \u00d6ffis geht&#8217;s am schnellsten mit der Tram-Linie 11 zur Haltestelle &#8222;Schwedlerstra\u00dfe&#8220; und dann zu Fu\u00df am Schwedler See vorbei direkt auf den Hochbunker im Osthafen zulaufen.<\/p>\n\n\n\n<p><a href=\"https:\/\/www.phonographie.org\/wp-content\/uploads\/2025\/10\/Phonophon-Modularium-6-1-1-invite-card-002.png\"><img loading=\"lazy\" decoding=\"async\" class=\"alignnone  wp-image-2387\" src=\"https:\/\/www.phonographie.org\/wp-content\/uploads\/2025\/10\/Phonophon-Modularium-6-1-1-invite-card-002-819x1024.png\" alt=\"\" width=\"552\" height=\"690\" srcset=\"https:\/\/www.phonographie.org\/wp-content\/uploads\/2025\/10\/Phonophon-Modularium-6-1-1-invite-card-002-819x1024.png 819w, https:\/\/www.phonographie.org\/wp-content\/uploads\/2025\/10\/Phonophon-Modularium-6-1-1-invite-card-002-240x300.png 240w, https:\/\/www.phonographie.org\/wp-content\/uploads\/2025\/10\/Phonophon-Modularium-6-1-1-invite-card-002-768x960.png 768w, https:\/\/www.phonographie.org\/wp-content\/uploads\/2025\/10\/Phonophon-Modularium-6-1-1-invite-card-002-1228x1536.png 1228w, https:\/\/www.phonographie.org\/wp-content\/uploads\/2025\/10\/Phonophon-Modularium-6-1-1-invite-card-002-1638x2048.png 1638w, https:\/\/www.phonographie.org\/wp-content\/uploads\/2025\/10\/Phonophon-Modularium-6-1-1-invite-card-002.png 1845w\" sizes=\"auto, (max-width: 552px) 100vw, 552px\" \/><\/a><\/p>\n","protected":false},"excerpt":{"rendered":"<p>Modularium_05 am 26. Oktober 2025 ab 15 Uhr &#8212;&#8212;&#8212;&#8212;&#8212;&#8212;&#8212;&#8212;&#8212;&#8212;&#8212;&#8212;&#8212;&#8212;&#8212;&#8212;&#8212;&#8212;&#8212;&#8212; Liebe Freundinnen und Freunde von Phonophon der Hochbunker im Osthafen erklingt wieder im Sound der Modularen. Am Sonntagnachmittag, 26.10.2025, erwarten euch ab 15 Uhr interessante Gespr\u00e4che und Hands-on-Erfahrungen rund um modulare Synthesizer. Unter anderem wollen wir dabei \u00fcber das Thema Effekte im Modularsystem sprechen. Einen Nachmittag [&hellip;]<\/p>\n","protected":false},"author":2,"featured_media":0,"comment_status":"closed","ping_status":"closed","sticky":false,"template":"","format":"standard","meta":{"footnotes":""},"categories":[1,5],"tags":[],"class_list":["post-2386","post","type-post","status-publish","format-standard","hentry","category-allgemein","category-sonderveranstaltungen"],"_links":{"self":[{"href":"https:\/\/www.phonographie.org\/index.php?rest_route=\/wp\/v2\/posts\/2386","targetHints":{"allow":["GET"]}}],"collection":[{"href":"https:\/\/www.phonographie.org\/index.php?rest_route=\/wp\/v2\/posts"}],"about":[{"href":"https:\/\/www.phonographie.org\/index.php?rest_route=\/wp\/v2\/types\/post"}],"author":[{"embeddable":true,"href":"https:\/\/www.phonographie.org\/index.php?rest_route=\/wp\/v2\/users\/2"}],"replies":[{"embeddable":true,"href":"https:\/\/www.phonographie.org\/index.php?rest_route=%2Fwp%2Fv2%2Fcomments&post=2386"}],"version-history":[{"count":4,"href":"https:\/\/www.phonographie.org\/index.php?rest_route=\/wp\/v2\/posts\/2386\/revisions"}],"predecessor-version":[{"id":2393,"href":"https:\/\/www.phonographie.org\/index.php?rest_route=\/wp\/v2\/posts\/2386\/revisions\/2393"}],"wp:attachment":[{"href":"https:\/\/www.phonographie.org\/index.php?rest_route=%2Fwp%2Fv2%2Fmedia&parent=2386"}],"wp:term":[{"taxonomy":"category","embeddable":true,"href":"https:\/\/www.phonographie.org\/index.php?rest_route=%2Fwp%2Fv2%2Fcategories&post=2386"},{"taxonomy":"post_tag","embeddable":true,"href":"https:\/\/www.phonographie.org\/index.php?rest_route=%2Fwp%2Fv2%2Ftags&post=2386"}],"curies":[{"name":"wp","href":"https:\/\/api.w.org\/{rel}","templated":true}]}}