{"id":2351,"date":"2025-08-04T01:14:37","date_gmt":"2025-08-03T23:14:37","guid":{"rendered":"http:\/\/www.phonographie.org\/?p=2351"},"modified":"2025-08-04T17:58:03","modified_gmt":"2025-08-04T15:58:03","slug":"17-08-2025-modularium-04","status":"publish","type":"post","link":"https:\/\/www.phonographie.org\/?p=2351","title":{"rendered":"<span class=\"raindrops_unique_identifier\">[Article 2351]<\/span>17.08.2025: Modularium 04"},"content":{"rendered":"\n<p><strong>Modularium_04 am 17. August 2025 ab 15 Uhr<\/strong> <br \/><br \/>Liebe Freundinnen und Freunde von Phonophon, <br \/><br \/>mit unserer R\u00fcckkehr in den Hochbunker im Osthafen haben wir auch unsere Modularium-Reihe wieder nach Frankfurt zur\u00fcckgebracht. Am 17.08.2025, ein Sonntagnachmittag, erwarten euch ab 15 Uhr interessante Gespr\u00e4che und Hands-on-Erfahrungen rund um modulare Synthesizer. Unter anderem wollen wir dabei \u00fcber das Thema <b class=\"moz-txt-star\">Sequenzieren im Modularsystem<\/b> sprechen. <br \/><br \/>Einen Nachmittag lang haben wir Zeit f\u00fcr Gespr\u00e4che \u00fcber Musik und Module, Zeit f\u00fcr gemeinsame Jams und <b class=\"moz-txt-star\">Solo-Kurzperformances<\/b>. Bringt euer Modularsystem mit und lasst uns Musik machen! Alle, die nicht selbst spielen wollen, sind herzlich eingeladen, die Musik zu genie\u00dfen und neue Entdeckungen zu machen. <br \/><br \/>Wir haben k\u00fchle Getr\u00e4nke vor Ort und freuen uns auf euer Kommen! <br \/><br \/><strong>17.08.2025<\/strong> Phonophon Modularium_04 @ Hessenfilm, Schmickstra\u00dfe 18, 60314 Frankfurt <br \/><br \/>Beginn ab <strong>15:00 Uhr<\/strong> <br \/>Ende gegen <strong>19:00 Uhr<\/strong> <br \/>Eintritt: <b class=\"moz-txt-star\">Frei<\/b> <br \/><br \/><b class=\"moz-txt-star\">Veranstaltungsort<\/b> <br \/>Der Eingang zum Dach des Hochbunkers im Osthafen befindet sich auf der rechten Seite des Bunkers gleich neben der Gastst\u00e4tte &#8222;Die Insel&#8220;. Durch die offene T\u00fcr und das Treppenhaus gelangt ihr auf das Dach des Bunkers. Dort folgt ihr der Au\u00dfentreppe in den zweiten Stock, wo sich unser Veranstaltungsort befindet.<\/p>\n<p><br \/>Parkpl\u00e4tze f\u00fcr Autos gibt es vor und hinter dem Bunker. Achtung: Wer auf den Truckerpl\u00e4tzen parkt, riskiert ein Kn\u00f6llchen. Dann lieber mit den \u00d6ffis. Da geht&#8217;s am schnellsten mit der Tram-Linie 11 zur Haltestelle &#8222;Schwedlerstra\u00dfe&#8220; und dann zu Fu\u00df am Schwedler See vorbei direkt auf den Hochbunker im Osthafen zulaufen.<br \/><br \/><a href=\"https:\/\/www.phonographie.org\/wp-content\/uploads\/2025\/08\/Phonophon-Modularium-4-1-1-invite-card-004-1.png\"><img loading=\"lazy\" decoding=\"async\" class=\"alignnone size-large wp-image-2356\" src=\"https:\/\/www.phonographie.org\/wp-content\/uploads\/2025\/08\/Phonophon-Modularium-4-1-1-invite-card-004-1-1024x1024.png\" alt=\"\" width=\"694\" height=\"694\" srcset=\"https:\/\/www.phonographie.org\/wp-content\/uploads\/2025\/08\/Phonophon-Modularium-4-1-1-invite-card-004-1-1024x1024.png 1024w, https:\/\/www.phonographie.org\/wp-content\/uploads\/2025\/08\/Phonophon-Modularium-4-1-1-invite-card-004-1-300x300.png 300w, https:\/\/www.phonographie.org\/wp-content\/uploads\/2025\/08\/Phonophon-Modularium-4-1-1-invite-card-004-1-150x150.png 150w, https:\/\/www.phonographie.org\/wp-content\/uploads\/2025\/08\/Phonophon-Modularium-4-1-1-invite-card-004-1-768x768.png 768w, https:\/\/www.phonographie.org\/wp-content\/uploads\/2025\/08\/Phonophon-Modularium-4-1-1-invite-card-004-1-1536x1536.png 1536w, https:\/\/www.phonographie.org\/wp-content\/uploads\/2025\/08\/Phonophon-Modularium-4-1-1-invite-card-004-1.png 1812w\" sizes=\"auto, (max-width: 694px) 100vw, 694px\" \/><\/a><\/p>\n\n\n","protected":false},"excerpt":{"rendered":"<p>Modularium_04 am 17. August 2025 ab 15 Uhr Liebe Freundinnen und Freunde von Phonophon, mit unserer R\u00fcckkehr in den Hochbunker im Osthafen haben wir auch unsere Modularium-Reihe wieder nach Frankfurt zur\u00fcckgebracht. Am 17.08.2025, ein Sonntagnachmittag, erwarten euch ab 15 Uhr interessante Gespr\u00e4che und Hands-on-Erfahrungen rund um modulare Synthesizer. Unter anderem wollen wir dabei \u00fcber das [&hellip;]<\/p>\n","protected":false},"author":2,"featured_media":0,"comment_status":"closed","ping_status":"closed","sticky":false,"template":"","format":"standard","meta":{"footnotes":""},"categories":[1,5],"tags":[],"class_list":["post-2351","post","type-post","status-publish","format-standard","hentry","category-allgemein","category-sonderveranstaltungen"],"_links":{"self":[{"href":"https:\/\/www.phonographie.org\/index.php?rest_route=\/wp\/v2\/posts\/2351","targetHints":{"allow":["GET"]}}],"collection":[{"href":"https:\/\/www.phonographie.org\/index.php?rest_route=\/wp\/v2\/posts"}],"about":[{"href":"https:\/\/www.phonographie.org\/index.php?rest_route=\/wp\/v2\/types\/post"}],"author":[{"embeddable":true,"href":"https:\/\/www.phonographie.org\/index.php?rest_route=\/wp\/v2\/users\/2"}],"replies":[{"embeddable":true,"href":"https:\/\/www.phonographie.org\/index.php?rest_route=%2Fwp%2Fv2%2Fcomments&post=2351"}],"version-history":[{"count":3,"href":"https:\/\/www.phonographie.org\/index.php?rest_route=\/wp\/v2\/posts\/2351\/revisions"}],"predecessor-version":[{"id":2357,"href":"https:\/\/www.phonographie.org\/index.php?rest_route=\/wp\/v2\/posts\/2351\/revisions\/2357"}],"wp:attachment":[{"href":"https:\/\/www.phonographie.org\/index.php?rest_route=%2Fwp%2Fv2%2Fmedia&parent=2351"}],"wp:term":[{"taxonomy":"category","embeddable":true,"href":"https:\/\/www.phonographie.org\/index.php?rest_route=%2Fwp%2Fv2%2Fcategories&post=2351"},{"taxonomy":"post_tag","embeddable":true,"href":"https:\/\/www.phonographie.org\/index.php?rest_route=%2Fwp%2Fv2%2Ftags&post=2351"}],"curies":[{"name":"wp","href":"https:\/\/api.w.org\/{rel}","templated":true}]}}