{"id":2317,"date":"2024-07-10T02:02:52","date_gmt":"2024-07-10T00:02:52","guid":{"rendered":"http:\/\/www.phonographie.org\/?p=2317"},"modified":"2024-07-10T02:05:11","modified_gmt":"2024-07-10T00:05:11","slug":"28-07-2024-modularium_02","status":"publish","type":"post","link":"https:\/\/www.phonographie.org\/?p=2317","title":{"rendered":"<span class=\"raindrops_unique_identifier\">[Article 2317]<\/span>28.07.2024: Modularium_02"},"content":{"rendered":"\n<p>Nach unserem tollen Start Ende Juni l\u00e4dt <strong>Phonophon<\/strong> alle Musikfreunde f\u00fcr Sonntag, <strong>28.07.2024<\/strong>, ab 15 Uhr ins <strong>Modularium_02<\/strong> zu einem Nachmittag rund um modulare Synthesizer in die <strong>Open World<\/strong> Halle nach Rodgau ein. Konzerte, Tech Talks und Jam Sessions bieten die M\u00f6glichkeit, miteinander ins Gespr\u00e4ch zu kommen, Musik zu genie\u00dfen und neue Entdeckungen zu machen. Alle musikliebenden Menschen sind <br \/>herzlich willkommen! Alle Musikerinnen und Musiker, die Lust haben, ihre modularen Synthesizer mitzubringen und selbst Musik zu spielen, bitten wir, sich \u00fcber <a class=\"moz-txt-link-abbreviated\" href=\"mailto:info@phonographie.org\">info@phonographie.org<\/a> vorab anzumelden, damit wir einen Time-Slot reservieren k\u00f6nnen. <br \/><br \/>Die <strong>Open World<\/strong> in Rodgau ist eine wunderbare Veranstaltungshalle, nur 500 Meter von der S-Bahn-Station Rodgau-J\u00fcgesheim entfernt. Es gibt eine gro\u00dfe B\u00fchne, Sofas und eine Bar mit k\u00fchlen Getr\u00e4nken. Wir freuen uns sehr auf gro\u00dfes Publikum und inspirierende Live-Musik! <br \/><br \/><strong>Timetable:<\/strong> <br \/><strong>14:00 Uhr<\/strong>: Aufbau f\u00fcr MusikerInnen <br \/><strong>15:00 Uhr<\/strong>: Start <br \/><strong>18:00 Uhr<\/strong>: ca. Ende <br \/><br \/><strong>28.07.2024 Phonophon @ Open World<\/strong> Rodgau, Stettiner Stra\u00dfe 17, 63110 Rodgau-J\u00fcgesheim <br \/>Eintritt: <strong>Frei<br \/><br \/><\/strong><a href=\"https:\/\/www.phonographie.org\/wp-content\/uploads\/2024\/07\/Phonophon-Modularium-Fyler_28.-Juli-2024.png\"><img loading=\"lazy\" decoding=\"async\" class=\"alignnone size-large wp-image-2314\" src=\"https:\/\/www.phonographie.org\/wp-content\/uploads\/2024\/07\/Phonophon-Modularium-Fyler_28.-Juli-2024-1024x1024.png\" alt=\"\" width=\"694\" height=\"694\" srcset=\"https:\/\/www.phonographie.org\/wp-content\/uploads\/2024\/07\/Phonophon-Modularium-Fyler_28.-Juli-2024-1024x1024.png 1024w, https:\/\/www.phonographie.org\/wp-content\/uploads\/2024\/07\/Phonophon-Modularium-Fyler_28.-Juli-2024-300x300.png 300w, https:\/\/www.phonographie.org\/wp-content\/uploads\/2024\/07\/Phonophon-Modularium-Fyler_28.-Juli-2024-150x150.png 150w, https:\/\/www.phonographie.org\/wp-content\/uploads\/2024\/07\/Phonophon-Modularium-Fyler_28.-Juli-2024-768x768.png 768w, https:\/\/www.phonographie.org\/wp-content\/uploads\/2024\/07\/Phonophon-Modularium-Fyler_28.-Juli-2024-1536x1536.png 1536w, https:\/\/www.phonographie.org\/wp-content\/uploads\/2024\/07\/Phonophon-Modularium-Fyler_28.-Juli-2024.png 1813w\" sizes=\"auto, (max-width: 694px) 100vw, 694px\" \/><\/a><\/p>\n","protected":false},"excerpt":{"rendered":"<p>Nach unserem tollen Start Ende Juni l\u00e4dt Phonophon alle Musikfreunde f\u00fcr Sonntag, 28.07.2024, ab 15 Uhr ins Modularium_02 zu einem Nachmittag rund um modulare Synthesizer in die Open World Halle nach Rodgau ein. Konzerte, Tech Talks und Jam Sessions bieten die M\u00f6glichkeit, miteinander ins Gespr\u00e4ch zu kommen, Musik zu genie\u00dfen und neue Entdeckungen zu machen. [&hellip;]<\/p>\n","protected":false},"author":2,"featured_media":0,"comment_status":"closed","ping_status":"closed","sticky":false,"template":"","format":"standard","meta":{"footnotes":""},"categories":[1,5],"tags":[],"class_list":["post-2317","post","type-post","status-publish","format-standard","hentry","category-allgemein","category-sonderveranstaltungen"],"_links":{"self":[{"href":"https:\/\/www.phonographie.org\/index.php?rest_route=\/wp\/v2\/posts\/2317","targetHints":{"allow":["GET"]}}],"collection":[{"href":"https:\/\/www.phonographie.org\/index.php?rest_route=\/wp\/v2\/posts"}],"about":[{"href":"https:\/\/www.phonographie.org\/index.php?rest_route=\/wp\/v2\/types\/post"}],"author":[{"embeddable":true,"href":"https:\/\/www.phonographie.org\/index.php?rest_route=\/wp\/v2\/users\/2"}],"replies":[{"embeddable":true,"href":"https:\/\/www.phonographie.org\/index.php?rest_route=%2Fwp%2Fv2%2Fcomments&post=2317"}],"version-history":[{"count":2,"href":"https:\/\/www.phonographie.org\/index.php?rest_route=\/wp\/v2\/posts\/2317\/revisions"}],"predecessor-version":[{"id":2323,"href":"https:\/\/www.phonographie.org\/index.php?rest_route=\/wp\/v2\/posts\/2317\/revisions\/2323"}],"wp:attachment":[{"href":"https:\/\/www.phonographie.org\/index.php?rest_route=%2Fwp%2Fv2%2Fmedia&parent=2317"}],"wp:term":[{"taxonomy":"category","embeddable":true,"href":"https:\/\/www.phonographie.org\/index.php?rest_route=%2Fwp%2Fv2%2Fcategories&post=2317"},{"taxonomy":"post_tag","embeddable":true,"href":"https:\/\/www.phonographie.org\/index.php?rest_route=%2Fwp%2Fv2%2Ftags&post=2317"}],"curies":[{"name":"wp","href":"https:\/\/api.w.org\/{rel}","templated":true}]}}