{"id":2277,"date":"2023-11-13T23:13:49","date_gmt":"2023-11-13T21:13:49","guid":{"rendered":"http:\/\/www.phonographie.org\/?p=2277"},"modified":"2023-11-13T23:22:31","modified_gmt":"2023-11-13T21:22:31","slug":"18-11-2023-phonojam","status":"publish","type":"post","link":"https:\/\/www.phonographie.org\/?p=2277","title":{"rendered":"<span class=\"raindrops_unique_identifier\">[Article 2277]<\/span>18.11.2023: PhonoJam"},"content":{"rendered":"\n<p>Wir freuen uns auf den letzten <strong>PhonoJam<\/strong>-Abend des Jahres am kommenden Samstag!<\/p>\n<p>Ab <strong>19 Uhr<\/strong> l\u00e4dt <strong>Phonophon<\/strong> zu einer entspannten Jam Session mit analogen und elektronischen Musikinstrumenten ein. Kein Klangerzeuger ist abwegig genug, um nicht seinen Weg auf das Dach des Musikbunkers in der Schmickstra\u00dfe zu finden: Bringt mit, worauf ihr Lust habt. Am besten habt ihr bei unverst\u00e4rkten Instrumenten auch ein Mikrofon dabei, weil wir nur wenige Mics vor Ort haben.<\/p>\n<p>Auch alle, die einfach nur spannender Musik lauschen m\u00f6chten, sind herzlich willkommen. Wir haben Getr\u00e4nke mit und ohne Alkohol im K\u00fchlschrank.<\/p>\n<p><strong>18.11.2023<\/strong> <strong>Phonophon<\/strong> @ Institut f\u00fcr Neue Medien (<strong>INM<\/strong>), Schmickstra\u00dfe 18, 60314 Frankfurt<br \/>Einlass <strong>19:00<\/strong> \u2013 Eintritt: <strong>Frei<\/strong><\/p>\n<p><strong>Veranstaltungsort:<\/strong><br \/>Der Eingang zum Institut f\u00fcr Neue Medien (<strong>INM<\/strong>) befindet sich auf der rechten Seite des Musikbunkers. Durch die offene T\u00fcr und das Treppenhaus gelangt ihr auf das Dach des Bunkers. Folgt dann der Au\u00dfentreppe in den zweiten Stock. Dort befindet sich unser Veranstaltungsort.<\/p>\n","protected":false},"excerpt":{"rendered":"<p>Wir freuen uns auf den letzten PhonoJam-Abend des Jahres am kommenden Samstag! Ab 19 Uhr l\u00e4dt Phonophon zu einer entspannten Jam Session mit analogen und elektronischen Musikinstrumenten ein. Kein Klangerzeuger ist abwegig genug, um nicht seinen Weg auf das Dach des Musikbunkers in der Schmickstra\u00dfe zu finden: Bringt mit, worauf ihr Lust habt. Am besten [&hellip;]<\/p>\n","protected":false},"author":2,"featured_media":0,"comment_status":"closed","ping_status":"closed","sticky":false,"template":"","format":"standard","meta":{"footnotes":""},"categories":[1,5],"tags":[],"class_list":["post-2277","post","type-post","status-publish","format-standard","hentry","category-allgemein","category-sonderveranstaltungen"],"_links":{"self":[{"href":"https:\/\/www.phonographie.org\/index.php?rest_route=\/wp\/v2\/posts\/2277","targetHints":{"allow":["GET"]}}],"collection":[{"href":"https:\/\/www.phonographie.org\/index.php?rest_route=\/wp\/v2\/posts"}],"about":[{"href":"https:\/\/www.phonographie.org\/index.php?rest_route=\/wp\/v2\/types\/post"}],"author":[{"embeddable":true,"href":"https:\/\/www.phonographie.org\/index.php?rest_route=\/wp\/v2\/users\/2"}],"replies":[{"embeddable":true,"href":"https:\/\/www.phonographie.org\/index.php?rest_route=%2Fwp%2Fv2%2Fcomments&post=2277"}],"version-history":[{"count":3,"href":"https:\/\/www.phonographie.org\/index.php?rest_route=\/wp\/v2\/posts\/2277\/revisions"}],"predecessor-version":[{"id":2281,"href":"https:\/\/www.phonographie.org\/index.php?rest_route=\/wp\/v2\/posts\/2277\/revisions\/2281"}],"wp:attachment":[{"href":"https:\/\/www.phonographie.org\/index.php?rest_route=%2Fwp%2Fv2%2Fmedia&parent=2277"}],"wp:term":[{"taxonomy":"category","embeddable":true,"href":"https:\/\/www.phonographie.org\/index.php?rest_route=%2Fwp%2Fv2%2Fcategories&post=2277"},{"taxonomy":"post_tag","embeddable":true,"href":"https:\/\/www.phonographie.org\/index.php?rest_route=%2Fwp%2Fv2%2Ftags&post=2277"}],"curies":[{"name":"wp","href":"https:\/\/api.w.org\/{rel}","templated":true}]}}